{"id":49291,"date":"2021-08-07T05:25:32","date_gmt":"2021-08-07T05:25:32","guid":{"rendered":"https:\/\/www.gkseries.com\/blog\/?p=49291"},"modified":"2021-08-07T05:25:33","modified_gmt":"2021-08-07T05:25:33","slug":"daily-current-affairs-7-august-2021","status":"publish","type":"post","link":"https:\/\/www.gkseries.com\/blog\/daily-current-affairs-7-august-2021\/","title":{"rendered":"Daily Current Affairs 7 August 2021 \u2013 Gkseries"},"content":{"rendered":"\n<p>Current Affairs is the most important area in all competitive exams. But the difficulty level is very high. That\u2019s why; many aspirants get confused, how to select Current Affairs for Preparation of Competitive Examination? In this Post, Daily Current Affairs 7 August 2021, we have tried to cover each and every point and also included all important facts from National\/ International news that are useful for upcoming competitive examinations such as UPSC, SSC, Railway, State Govt. etc.<\/p>\n\n\n\n<h2 class=\"wp-block-heading\">Daily Current Affairs 7 August 2021<\/h2>\n\n\n\n<h2 class=\"has-black-background-color has-background wp-block-heading\" style=\"font-size:21px\"><a href=\"https:\/\/www.gkseries.com\/blog\/un-peacekeeping-force-patrolling-the-lebanon-israel-border\/\"><span class=\"has-inline-color has-white-color\">UN peacekeeping force patrolling the Lebanon-Israel border<\/span><\/a><\/h2>\n\n\n\n<div class=\"wp-block-image\"><figure class=\"alignleft size-medium\"><img decoding=\"async\" width=\"300\" height=\"187\" src=\"https:\/\/www.gkseries.com\/blog\/wp-content\/uploads\/2021\/08\/UN-peacekeeping-force-patrolling-the-Lebanon-Israel-border-300x187.jpg\" alt=\"UN peacekeeping force patrolling the Lebanon-Israel border\" class=\"wp-image-49247\" srcset=\"https:\/\/www.gkseries.com\/blog\/wp-content\/uploads\/2021\/08\/UN-peacekeeping-force-patrolling-the-Lebanon-Israel-border-300x187.jpg 300w, https:\/\/www.gkseries.com\/blog\/wp-content\/uploads\/2021\/08\/UN-peacekeeping-force-patrolling-the-Lebanon-Israel-border-767x478.jpg 767w, https:\/\/www.gkseries.com\/blog\/wp-content\/uploads\/2021\/08\/UN-peacekeeping-force-patrolling-the-Lebanon-Israel-border-1024x638.jpg 1024w, https:\/\/www.gkseries.com\/blog\/wp-content\/uploads\/2021\/08\/UN-peacekeeping-force-patrolling-the-Lebanon-Israel-border-1536x957.jpg 1536w, https:\/\/www.gkseries.com\/blog\/wp-content\/uploads\/2021\/08\/UN-peacekeeping-force-patrolling-the-Lebanon-Israel-border-2048x1276.jpg 2048w, https:\/\/www.gkseries.com\/blog\/wp-content\/uploads\/2021\/08\/UN-peacekeeping-force-patrolling-the-Lebanon-Israel-border-241x150.jpg 241w, https:\/\/www.gkseries.com\/blog\/wp-content\/uploads\/2021\/08\/UN-peacekeeping-force-patrolling-the-Lebanon-Israel-border-100x62.jpg 100w, https:\/\/www.gkseries.com\/blog\/wp-content\/uploads\/2021\/08\/UN-peacekeeping-force-patrolling-the-Lebanon-Israel-border-562x350.jpg 562w, https:\/\/www.gkseries.com\/blog\/wp-content\/uploads\/2021\/08\/UN-peacekeeping-force-patrolling-the-Lebanon-Israel-border-788x491.jpg 788w, https:\/\/www.gkseries.com\/blog\/wp-content\/uploads\/2021\/08\/UN-peacekeeping-force-patrolling-the-Lebanon-Israel-border.jpg 284w\" sizes=\"(max-width: 300px) 100vw, 300px\" \/><\/figure><\/div>\n\n\n\n<p>The UN peacekeeping force patrolling the Lebanon-Israel border and warned of a &#8220;very dangerous situation&#8221; after Hezbollah and the Israeli army traded fire.<\/p>\n\n\n\n<p>The Israeli\u2013Lebanese conflict, or the South Lebanon conflict, was a series of military clashes involving Israel, <a href=\"https:\/\/www.gkseries.com\/blog\/lebanon-army-sells-helicopter-rides-during-economic-crisis\/\">Lebanon<\/a> and Syria, the Palestine Liberation Organization, as well as various militias acting from within Lebanon.<\/p>\n\n\n\n<p>The Palestine Liberation Organization (PLO) recruited militants in Lebanon from among the Palestinian refugees who had been expelled or fled after the creation of Israel in 1948.<\/p>\n\n\n\n<p>The United Nations Peacekeeping Forces are employed by the World Organization to maintain or re-establish peace in an area of armed conflict.<\/p>\n\n\n\n<p>The UN acts as an impartial third party in order to prepare the ground for a settlement of the issues that have provoked armed conflict.<\/p>\n\n\n\n<h2 class=\"has-black-background-color has-background wp-block-heading\" style=\"font-size:21px\"><a href=\"https:\/\/www.gkseries.com\/blog\/japan-to-deploy-island-missile-defenses-to-counter-china-military-blockade\/\"><span class=\"has-inline-color has-white-color\">Japan to Deploy Island Missile Defenses to Counter China Military Blockade<\/span><\/a><\/h2>\n\n\n\n<div class=\"wp-block-image\"><figure class=\"alignleft size-medium\"><img decoding=\"async\" width=\"300\" height=\"200\" src=\"https:\/\/www.gkseries.com\/blog\/wp-content\/uploads\/2021\/08\/Japan-to-Deploy-Island-Missile-Defenses-to-Counter-China-Military-Blockade-300x200.jpg\" alt=\"Japan to Deploy Island Missile Defenses to Counter China Military Blockade\" class=\"wp-image-49250\" srcset=\"https:\/\/www.gkseries.com\/blog\/wp-content\/uploads\/2021\/08\/Japan-to-Deploy-Island-Missile-Defenses-to-Counter-China-Military-Blockade-300x200.jpg 300w, https:\/\/www.gkseries.com\/blog\/wp-content\/uploads\/2021\/08\/Japan-to-Deploy-Island-Missile-Defenses-to-Counter-China-Military-Blockade-768x511.jpg 768w, https:\/\/www.gkseries.com\/blog\/wp-content\/uploads\/2021\/08\/Japan-to-Deploy-Island-Missile-Defenses-to-Counter-China-Military-Blockade-1024x681.jpg 1024w, https:\/\/www.gkseries.com\/blog\/wp-content\/uploads\/2021\/08\/Japan-to-Deploy-Island-Missile-Defenses-to-Counter-China-Military-Blockade-1536x1022.jpg 1536w, https:\/\/www.gkseries.com\/blog\/wp-content\/uploads\/2021\/08\/Japan-to-Deploy-Island-Missile-Defenses-to-Counter-China-Military-Blockade-2048x1363.jpg 2048w, https:\/\/www.gkseries.com\/blog\/wp-content\/uploads\/2021\/08\/Japan-to-Deploy-Island-Missile-Defenses-to-Counter-China-Military-Blockade-225x150.jpg 225w, https:\/\/www.gkseries.com\/blog\/wp-content\/uploads\/2021\/08\/Japan-to-Deploy-Island-Missile-Defenses-to-Counter-China-Military-Blockade-100x67.jpg 100w, https:\/\/www.gkseries.com\/blog\/wp-content\/uploads\/2021\/08\/Japan-to-Deploy-Island-Missile-Defenses-to-Counter-China-Military-Blockade-526x350.jpg 526w, https:\/\/www.gkseries.com\/blog\/wp-content\/uploads\/2021\/08\/Japan-to-Deploy-Island-Missile-Defenses-to-Counter-China-Military-Blockade-788x524.jpg 788w, https:\/\/www.gkseries.com\/blog\/wp-content\/uploads\/2021\/08\/Japan-to-Deploy-Island-Missile-Defenses-to-Counter-China-Military-Blockade.jpg 275w\" sizes=\"(max-width: 300px) 100vw, 300px\" \/><\/figure><\/div>\n\n\n\n<p>Japan has planned to place an additional &#8220;500 to 600&#8221; missile defense personnel on Ishigaki island in a move that will boost allied capabilities to counter China&#8217;s area denial tactics within the first island chain.<\/p>\n\n\n\n<p>Ishigaki Island is a Japanese island south-west of Okinawa Hont\u014d and the second-largest island of the Yaeyama Island group.<\/p>\n\n\n\n<p>It is within the City of Ishigaki in Okinawa Prefecture. The city functions as the business and transport center of the archipelago. The island is served by New Ishigaki Airport, the largest airport in the Yaeyamas.<\/p>\n\n\n\n<p>Japan will bolster the first island chain with further missile defenses on four Okinawa islands in the Western Pacific, including Miyako and the main Okinawa island where the majority of forward-deployed U.S. forces are stationed.<\/p>\n\n\n\n<h2 class=\"has-black-background-color has-background wp-block-heading\" style=\"font-size:21px\"><a href=\"https:\/\/www.gkseries.com\/blog\/indian-wrestler-ravi-kumar-dahiya-bagged-silver-medal-at-tokyo-olympics\/\"><span class=\"has-inline-color has-white-color\">Indian wrestler Ravi Kumar Dahiya bagged silver medal at Tokyo Olympics<\/span><\/a><\/h2>\n\n\n\n<div class=\"wp-block-image\"><figure class=\"alignleft size-medium\"><img decoding=\"async\" width=\"300\" height=\"156\" src=\"https:\/\/www.gkseries.com\/blog\/wp-content\/uploads\/2021\/08\/Indian-wrestler-Ravi-Kumar-Dahiya-bagged-silver-medal-at-Tokyo-Olympics-300x156.jpg\" alt=\"Indian wrestler Ravi Kumar Dahiya bagged silver medal at Tokyo Olympics\" class=\"wp-image-49253\" srcset=\"https:\/\/www.gkseries.com\/blog\/wp-content\/uploads\/2021\/08\/Indian-wrestler-Ravi-Kumar-Dahiya-bagged-silver-medal-at-Tokyo-Olympics-300x156.jpg 300w, https:\/\/www.gkseries.com\/blog\/wp-content\/uploads\/2021\/08\/Indian-wrestler-Ravi-Kumar-Dahiya-bagged-silver-medal-at-Tokyo-Olympics-768x400.jpg 768w, https:\/\/www.gkseries.com\/blog\/wp-content\/uploads\/2021\/08\/Indian-wrestler-Ravi-Kumar-Dahiya-bagged-silver-medal-at-Tokyo-Olympics-1024x533.jpg 1024w, https:\/\/www.gkseries.com\/blog\/wp-content\/uploads\/2021\/08\/Indian-wrestler-Ravi-Kumar-Dahiya-bagged-silver-medal-at-Tokyo-Olympics-1536x800.jpg 1536w, https:\/\/www.gkseries.com\/blog\/wp-content\/uploads\/2021\/08\/Indian-wrestler-Ravi-Kumar-Dahiya-bagged-silver-medal-at-Tokyo-Olympics-2048x1067.jpg 2048w, https:\/\/www.gkseries.com\/blog\/wp-content\/uploads\/2021\/08\/Indian-wrestler-Ravi-Kumar-Dahiya-bagged-silver-medal-at-Tokyo-Olympics-288x150.jpg 288w, https:\/\/www.gkseries.com\/blog\/wp-content\/uploads\/2021\/08\/Indian-wrestler-Ravi-Kumar-Dahiya-bagged-silver-medal-at-Tokyo-Olympics-100x52.jpg 100w, https:\/\/www.gkseries.com\/blog\/wp-content\/uploads\/2021\/08\/Indian-wrestler-Ravi-Kumar-Dahiya-bagged-silver-medal-at-Tokyo-Olympics-672x350.jpg 672w, https:\/\/www.gkseries.com\/blog\/wp-content\/uploads\/2021\/08\/Indian-wrestler-Ravi-Kumar-Dahiya-bagged-silver-medal-at-Tokyo-Olympics-788x410.jpg 788w, https:\/\/www.gkseries.com\/blog\/wp-content\/uploads\/2021\/08\/Indian-wrestler-Ravi-Kumar-Dahiya-bagged-silver-medal-at-Tokyo-Olympics.jpg 311w\" sizes=\"(max-width: 300px) 100vw, 300px\" \/><\/figure><\/div>\n\n\n\n<p>Indian wrestler Ravi Kumar won the silver medal in men&#8217;s freestyle 57kg after losing to Russian Olympic Committee&#8217;s (ROC) Zavur Uguev in the final at the Tokyo Olympics.<\/p>\n\n\n\n<p>Ravi Kumar Dahiya is an Indian freestyle wrestler who won a silver medal at the 2020 Summer Olympics in the 57 kg category.<\/p>\n\n\n\n<p>He is also a bronze medalist from 2019 World Wrestling Championships and a two-time Asian champion. He hails from Haryana.<\/p>\n\n\n\n<p>Ravi Kumar is the fifth Indian wrestler after KD Jadhav, Sushil Kumar, Yogeshwar Dutt, and Sakshi Malik to finish on the Olympic podium. Dahiya became the second Indian wrestler ever to win an Olympic silver after Sushil Kumar.<\/p>\n\n\n\n<h2 class=\"has-black-background-color has-background wp-block-heading\" style=\"font-size:21px\"><a href=\"https:\/\/www.gkseries.com\/blog\/india-end-41-year-wait-for-hockey-medal\/\"><span class=\"has-inline-color has-white-color\">India end 41-year wait for hockey medal<\/span><\/a><\/h2>\n\n\n\n<div class=\"wp-block-image\"><figure class=\"alignleft size-medium\"><img decoding=\"async\" width=\"300\" height=\"165\" src=\"https:\/\/www.gkseries.com\/blog\/wp-content\/uploads\/2021\/08\/India-end-41-year-wait-for-hockey-medal-300x165.jpg\" alt=\"India end 41-year wait for hockey medal\" class=\"wp-image-49256\" srcset=\"https:\/\/www.gkseries.com\/blog\/wp-content\/uploads\/2021\/08\/India-end-41-year-wait-for-hockey-medal-300x165.jpg 300w, https:\/\/www.gkseries.com\/blog\/wp-content\/uploads\/2021\/08\/India-end-41-year-wait-for-hockey-medal-767x423.jpg 767w, https:\/\/www.gkseries.com\/blog\/wp-content\/uploads\/2021\/08\/India-end-41-year-wait-for-hockey-medal-1024x564.jpg 1024w, https:\/\/www.gkseries.com\/blog\/wp-content\/uploads\/2021\/08\/India-end-41-year-wait-for-hockey-medal-1536x847.jpg 1536w, https:\/\/www.gkseries.com\/blog\/wp-content\/uploads\/2021\/08\/India-end-41-year-wait-for-hockey-medal-2048x1129.jpg 2048w, https:\/\/www.gkseries.com\/blog\/wp-content\/uploads\/2021\/08\/India-end-41-year-wait-for-hockey-medal-272x150.jpg 272w, https:\/\/www.gkseries.com\/blog\/wp-content\/uploads\/2021\/08\/India-end-41-year-wait-for-hockey-medal-100x55.jpg 100w, https:\/\/www.gkseries.com\/blog\/wp-content\/uploads\/2021\/08\/India-end-41-year-wait-for-hockey-medal-635x350.jpg 635w, https:\/\/www.gkseries.com\/blog\/wp-content\/uploads\/2021\/08\/India-end-41-year-wait-for-hockey-medal-788x434.jpg 788w, https:\/\/www.gkseries.com\/blog\/wp-content\/uploads\/2021\/08\/India-end-41-year-wait-for-hockey-medal.jpg 303w\" sizes=\"(max-width: 300px) 100vw, 300px\" \/><\/figure><\/div>\n\n\n\n<p>India has ended their 41-year wait for a hockey medal at the Tokyo Olympics by beating four-time champions Germany 5-4 in a nail-biter of a bronze medal match.<\/p>\n\n\n\n<p>The last time India had won a medal in hockey was at the 1980 Moscow Games where they got the gold. It was India&#8217;s last of the eight Olympic golds.<\/p>\n\n\n\n<p>It is India&#8217;s third hockey bronze medal in the history of the Olympics. The other two came in 1968 Mexico City and the 1972 Munich Games.<\/p>\n\n\n\n<h2 class=\"has-black-background-color has-background wp-block-heading\" style=\"font-size:21px\"><a href=\"https:\/\/www.gkseries.com\/blog\/swarnim-vijay-varsh-victory-flame-at-cellular-jail\/\"><span class=\"has-inline-color has-white-color\">Swarnim Vijay Varsh Victory Flame at Cellular Jail<\/span><\/a><\/h2>\n\n\n\n<div class=\"wp-block-image\"><figure class=\"alignleft size-medium\"><img decoding=\"async\" width=\"300\" height=\"156\" src=\"https:\/\/www.gkseries.com\/blog\/wp-content\/uploads\/2021\/08\/Swarnim-Vijay-Varsh-Victory-Flame-at-Cellular-Jail-300x156.jpg\" alt=\"Swarnim Vijay Varsh Victory Flame at Cellular Jail\" class=\"wp-image-49259\" srcset=\"https:\/\/www.gkseries.com\/blog\/wp-content\/uploads\/2021\/08\/Swarnim-Vijay-Varsh-Victory-Flame-at-Cellular-Jail-300x156.jpg 300w, https:\/\/www.gkseries.com\/blog\/wp-content\/uploads\/2021\/08\/Swarnim-Vijay-Varsh-Victory-Flame-at-Cellular-Jail-768x400.jpg 768w, https:\/\/www.gkseries.com\/blog\/wp-content\/uploads\/2021\/08\/Swarnim-Vijay-Varsh-Victory-Flame-at-Cellular-Jail-1024x533.jpg 1024w, https:\/\/www.gkseries.com\/blog\/wp-content\/uploads\/2021\/08\/Swarnim-Vijay-Varsh-Victory-Flame-at-Cellular-Jail-1536x800.jpg 1536w, https:\/\/www.gkseries.com\/blog\/wp-content\/uploads\/2021\/08\/Swarnim-Vijay-Varsh-Victory-Flame-at-Cellular-Jail-2048x1067.jpg 2048w, https:\/\/www.gkseries.com\/blog\/wp-content\/uploads\/2021\/08\/Swarnim-Vijay-Varsh-Victory-Flame-at-Cellular-Jail-288x150.jpg 288w, https:\/\/www.gkseries.com\/blog\/wp-content\/uploads\/2021\/08\/Swarnim-Vijay-Varsh-Victory-Flame-at-Cellular-Jail-100x52.jpg 100w, https:\/\/www.gkseries.com\/blog\/wp-content\/uploads\/2021\/08\/Swarnim-Vijay-Varsh-Victory-Flame-at-Cellular-Jail-672x350.jpg 672w, https:\/\/www.gkseries.com\/blog\/wp-content\/uploads\/2021\/08\/Swarnim-Vijay-Varsh-Victory-Flame-at-Cellular-Jail-788x410.jpg 788w, https:\/\/www.gkseries.com\/blog\/wp-content\/uploads\/2021\/08\/Swarnim-Vijay-Varsh-Victory-Flame-at-Cellular-Jail.jpg 311w\" sizes=\"(max-width: 300px) 100vw, 300px\" \/><\/figure><\/div>\n\n\n\n<p>The Swarnim Vijay Varsh Victory Flame was taken to Cellular Jail at Port Blair in Andaman &amp; Nicobar Islands to mark the 50th anniversary celebrations of India\u2019s victory in the 1971 war.<\/p>\n\n\n\n<p>The Cellular Jail proudly stands as a symbol of India\u2019s freedom struggle.<\/p>\n\n\n\n<p>Also known as K\u0101l\u0101 P\u0101n\u012b, the jail was used to exile political prisoners to the remote archipelago.<\/p>\n\n\n\n<p>Many notable freedom fighters including Vinayak Damodar Savarkar, Batukeshwar Dutt, Yogendra Shukla and V.O. Chidambaram Pillai, were imprisoned there during the freedom struggle.<\/p>\n\n\n\n<p>Today, the Cellular Jail serves as a national monument.<\/p>\n\n\n\n<h2 class=\"has-black-background-color has-background wp-block-heading\" style=\"font-size:21px\"><a href=\"https:\/\/www.gkseries.com\/blog\/kvics-unique-plastic-mixed-handmade-paper-gets-patent\/\"><span class=\"has-inline-color has-white-color\">KVIC&#8217;s unique plastic mixed handmade paper gets patent<\/span><\/a><\/h2>\n\n\n\n<div class=\"wp-block-image\"><figure class=\"alignleft size-medium\"><img decoding=\"async\" width=\"300\" height=\"148\" src=\"https:\/\/www.gkseries.com\/blog\/wp-content\/uploads\/2021\/08\/KVICs-unique-plastic-mixed-handmade-paper-gets-patent-300x148.jpg\" alt=\"KVIC's unique plastic mixed handmade paper gets patent\" class=\"wp-image-49262\" srcset=\"https:\/\/www.gkseries.com\/blog\/wp-content\/uploads\/2021\/08\/KVICs-unique-plastic-mixed-handmade-paper-gets-patent-300x148.jpg 300w, https:\/\/www.gkseries.com\/blog\/wp-content\/uploads\/2021\/08\/KVICs-unique-plastic-mixed-handmade-paper-gets-patent-768x379.jpg 768w, https:\/\/www.gkseries.com\/blog\/wp-content\/uploads\/2021\/08\/KVICs-unique-plastic-mixed-handmade-paper-gets-patent-1024x506.jpg 1024w, https:\/\/www.gkseries.com\/blog\/wp-content\/uploads\/2021\/08\/KVICs-unique-plastic-mixed-handmade-paper-gets-patent-1536x758.jpg 1536w, https:\/\/www.gkseries.com\/blog\/wp-content\/uploads\/2021\/08\/KVICs-unique-plastic-mixed-handmade-paper-gets-patent-2048x1011.jpg 2048w, https:\/\/www.gkseries.com\/blog\/wp-content\/uploads\/2021\/08\/KVICs-unique-plastic-mixed-handmade-paper-gets-patent-304x150.jpg 304w, https:\/\/www.gkseries.com\/blog\/wp-content\/uploads\/2021\/08\/KVICs-unique-plastic-mixed-handmade-paper-gets-patent-100x49.jpg 100w, https:\/\/www.gkseries.com\/blog\/wp-content\/uploads\/2021\/08\/KVICs-unique-plastic-mixed-handmade-paper-gets-patent-709x350.jpg 709w, https:\/\/www.gkseries.com\/blog\/wp-content\/uploads\/2021\/08\/KVICs-unique-plastic-mixed-handmade-paper-gets-patent-788x389.jpg 788w, https:\/\/www.gkseries.com\/blog\/wp-content\/uploads\/2021\/08\/KVICs-unique-plastic-mixed-handmade-paper-gets-patent.jpg 320w\" sizes=\"(max-width: 300px) 100vw, 300px\" \/><\/figure><\/div>\n\n\n\n<p>Khadi and Village Industries Commission (KVIC) recently secured Patent registration for its innovative plastic-mixed handmade paper developed to reduce plastic menace from nature.<\/p>\n\n\n\n<p>The patent certificate was issued to KVIC\u2019s Kumarappa National Handmade Paper Institute (KNHPI), Jaipur, on 2nd August 2021, by the Controller of Patent, Intellectual Property of India.<\/p>\n\n\n\n<p>The plastic-mixed handmade paper was developed under Project REPLAN (REducing PLAstic from Nature).<\/p>\n\n\n\n<p>This is the first of its kind project in India, where plastic waste is de-structured, degraded, diluted and used with paper pulp while making handmade paper and thus reduces plastic waste from nature.<\/p>\n\n\n\n<p>The invention is aligned with the Prime Minister\u2019s call for fighting the menace of single-use plastic.<\/p>\n\n\n\n<p>The technology developed by KVIC uses both high &amp; low density waste polythene that not only adds extra strength to the paper but also reduces the cost by up to 34%. The product is recyclable and eco-friendly.<\/p>\n\n\n\n<h2 class=\"has-black-background-color has-background wp-block-heading\" style=\"font-size:21px\"><a href=\"https:\/\/www.gkseries.com\/blog\/share-of-natural-gas-in-primary-energy-mix-envisaged-to-increase-to-15-by-2030\/\"><span class=\"has-inline-color has-white-color\">Share of Natural Gas in Primary Energy Mix Envisaged to increase to 15% by 2030<\/span><\/a><\/h2>\n\n\n\n<div class=\"wp-block-image\"><figure class=\"alignleft size-medium\"><img decoding=\"async\" width=\"300\" height=\"172\" src=\"https:\/\/www.gkseries.com\/blog\/wp-content\/uploads\/2021\/08\/Share-of-Natural-Gas-in-Primary-Energy-Mix-Envisaged-to-increase-to-15-by-2030-300x172.jpg\" alt=\"Share of Natural Gas in Primary Energy Mix Envisaged to increase to 15% by 2030\" class=\"wp-image-49265\" srcset=\"https:\/\/www.gkseries.com\/blog\/wp-content\/uploads\/2021\/08\/Share-of-Natural-Gas-in-Primary-Energy-Mix-Envisaged-to-increase-to-15-by-2030-300x172.jpg 300w, https:\/\/www.gkseries.com\/blog\/wp-content\/uploads\/2021\/08\/Share-of-Natural-Gas-in-Primary-Energy-Mix-Envisaged-to-increase-to-15-by-2030-768x441.jpg 768w, https:\/\/www.gkseries.com\/blog\/wp-content\/uploads\/2021\/08\/Share-of-Natural-Gas-in-Primary-Energy-Mix-Envisaged-to-increase-to-15-by-2030-1024x588.jpg 1024w, https:\/\/www.gkseries.com\/blog\/wp-content\/uploads\/2021\/08\/Share-of-Natural-Gas-in-Primary-Energy-Mix-Envisaged-to-increase-to-15-by-2030-1536x882.jpg 1536w, https:\/\/www.gkseries.com\/blog\/wp-content\/uploads\/2021\/08\/Share-of-Natural-Gas-in-Primary-Energy-Mix-Envisaged-to-increase-to-15-by-2030-2048x1176.jpg 2048w, https:\/\/www.gkseries.com\/blog\/wp-content\/uploads\/2021\/08\/Share-of-Natural-Gas-in-Primary-Energy-Mix-Envisaged-to-increase-to-15-by-2030-261x150.jpg 261w, https:\/\/www.gkseries.com\/blog\/wp-content\/uploads\/2021\/08\/Share-of-Natural-Gas-in-Primary-Energy-Mix-Envisaged-to-increase-to-15-by-2030-100x57.jpg 100w, https:\/\/www.gkseries.com\/blog\/wp-content\/uploads\/2021\/08\/Share-of-Natural-Gas-in-Primary-Energy-Mix-Envisaged-to-increase-to-15-by-2030-609x350.jpg 609w, https:\/\/www.gkseries.com\/blog\/wp-content\/uploads\/2021\/08\/Share-of-Natural-Gas-in-Primary-Energy-Mix-Envisaged-to-increase-to-15-by-2030-788x452.jpg 788w, https:\/\/www.gkseries.com\/blog\/wp-content\/uploads\/2021\/08\/Share-of-Natural-Gas-in-Primary-Energy-Mix-Envisaged-to-increase-to-15-by-2030.jpg 296w\" sizes=\"(max-width: 300px) 100vw, 300px\" \/><\/figure><\/div>\n\n\n\n<p>Ministry of Road Transport &amp; Highways informed that the share of natural gas in the primary energy mix is envisaged to increase to 15% by 2030 by boosting domestic production and procuring LNG.<\/p>\n\n\n\n<p>LNG imports are under Open General Licensing (OGL) category and establishment of LNG infrastructure, including LNG terminals, is also under 100% FDI (automatic route).<\/p>\n\n\n\n<p>The market of natural gas is being created by expansion of gas infrastructure, including City Gas Distribution, Gas Grid Network and establishment of LNG retail outlets.<\/p>\n\n\n\n<p>This Ministry has notified mass emission standards for Liquefied Natural Gas- driven vehicles.<\/p>\n\n\n\n<p>It has also notified mass emission norms for agricultural tractors, power tillers, construction equipment vehicles and combined harvesters driven by dual fuel diesel with Liquefied Natural Gas engines.<\/p>\n\n\n\n<h2 class=\"has-black-background-color has-background wp-block-heading\" style=\"font-size:21px\"><a href=\"https:\/\/www.gkseries.com\/blog\/first-mk-bhan-fellowship-young-researcher-fellowship-programme\/\"><span class=\"has-inline-color has-white-color\">First MK Bhan Fellowship-Young Researcher Fellowship Programme<\/span><\/a><\/h2>\n\n\n\n<div class=\"wp-block-image\"><figure class=\"alignleft size-medium\"><img decoding=\"async\" width=\"300\" height=\"224\" src=\"https:\/\/www.gkseries.com\/blog\/wp-content\/uploads\/2021\/08\/First-MK-Bhan-Fellowship-Young-Researcher-Fellowship-Programme-300x224.jpg\" alt=\"First MK Bhan Fellowship-Young Researcher Fellowship Programme\" class=\"wp-image-49268\" srcset=\"https:\/\/www.gkseries.com\/blog\/wp-content\/uploads\/2021\/08\/First-MK-Bhan-Fellowship-Young-Researcher-Fellowship-Programme-300x224.jpg 300w, https:\/\/www.gkseries.com\/blog\/wp-content\/uploads\/2021\/08\/First-MK-Bhan-Fellowship-Young-Researcher-Fellowship-Programme-768x573.jpg 768w, https:\/\/www.gkseries.com\/blog\/wp-content\/uploads\/2021\/08\/First-MK-Bhan-Fellowship-Young-Researcher-Fellowship-Programme-1024x764.jpg 1024w, https:\/\/www.gkseries.com\/blog\/wp-content\/uploads\/2021\/08\/First-MK-Bhan-Fellowship-Young-Researcher-Fellowship-Programme-1536x1146.jpg 1536w, https:\/\/www.gkseries.com\/blog\/wp-content\/uploads\/2021\/08\/First-MK-Bhan-Fellowship-Young-Researcher-Fellowship-Programme-2048x1528.jpg 2048w, https:\/\/www.gkseries.com\/blog\/wp-content\/uploads\/2021\/08\/First-MK-Bhan-Fellowship-Young-Researcher-Fellowship-Programme-201x150.jpg 201w, https:\/\/www.gkseries.com\/blog\/wp-content\/uploads\/2021\/08\/First-MK-Bhan-Fellowship-Young-Researcher-Fellowship-Programme-100x75.jpg 100w, https:\/\/www.gkseries.com\/blog\/wp-content\/uploads\/2021\/08\/First-MK-Bhan-Fellowship-Young-Researcher-Fellowship-Programme-469x350.jpg 469w, https:\/\/www.gkseries.com\/blog\/wp-content\/uploads\/2021\/08\/First-MK-Bhan-Fellowship-Young-Researcher-Fellowship-Programme-788x587.jpg 788w, https:\/\/www.gkseries.com\/blog\/wp-content\/uploads\/2021\/08\/First-MK-Bhan-Fellowship-Young-Researcher-Fellowship-Programme.jpg 260w\" sizes=\"(max-width: 300px) 100vw, 300px\" \/><\/figure><\/div>\n\n\n\n<p>The Department of Biotechnology (DBT), Ministry of Science and Technology, Government of India, announced the results of the First MK Bhan Fellowship-Young Researcher Fellowship Programme (MKB-YRFP).<\/p>\n\n\n\n<p>The Department established the MK Bhan Fellowship-Young Researcher Fellowship Programme (MKB-YRFP) with an aim to encourage young bright researchers below 35 years of age to continue their research in the country after Ph.D. in any branch of Life Sciences\/ Biotechnology\/allied areas.<\/p>\n\n\n\n<p>The scheme offers an independent research grant for three years to the young Post-Doctoral Fellows to enable them to emerge as future leaders and take up cutting edge research focused on issues of national relevance. This Fellowship, entails a monthly emolument of Rs 75,000.<\/p>\n\n\n\n<h2 class=\"has-black-background-color has-background wp-block-heading\" style=\"font-size:21px\"><a href=\"https:\/\/www.gkseries.com\/blog\/trifed-to-set-up-atmanirbhar-corner-in-indian-missions\/\"><span class=\"has-inline-color has-white-color\">TRIFED to set up Atmanirbhar Corner in Indian missions<\/span><\/a><\/h2>\n\n\n\n<div class=\"wp-block-image\"><figure class=\"alignleft size-medium\"><img decoding=\"async\" width=\"300\" height=\"168\" src=\"https:\/\/www.gkseries.com\/blog\/wp-content\/uploads\/2021\/08\/TRIFED-to-set-up-Atmanirbhar-Corner-in-Indian-missions-300x168.jpg\" alt=\"TRIFED to set up Atmanirbhar Corner in Indian missions\" class=\"wp-image-49271\" srcset=\"https:\/\/www.gkseries.com\/blog\/wp-content\/uploads\/2021\/08\/TRIFED-to-set-up-Atmanirbhar-Corner-in-Indian-missions.jpg 300w, https:\/\/www.gkseries.com\/blog\/wp-content\/uploads\/2021\/08\/TRIFED-to-set-up-Atmanirbhar-Corner-in-Indian-missions-1200x675.jpg 1200w, https:\/\/www.gkseries.com\/blog\/wp-content\/uploads\/2021\/08\/TRIFED-to-set-up-Atmanirbhar-Corner-in-Indian-missions-768x430.jpg 768w, https:\/\/www.gkseries.com\/blog\/wp-content\/uploads\/2021\/08\/TRIFED-to-set-up-Atmanirbhar-Corner-in-Indian-missions-1024x573.jpg 1024w, https:\/\/www.gkseries.com\/blog\/wp-content\/uploads\/2021\/08\/TRIFED-to-set-up-Atmanirbhar-Corner-in-Indian-missions-1536x860.jpg 1536w, https:\/\/www.gkseries.com\/blog\/wp-content\/uploads\/2021\/08\/TRIFED-to-set-up-Atmanirbhar-Corner-in-Indian-missions-2048x1147.jpg 2048w, https:\/\/www.gkseries.com\/blog\/wp-content\/uploads\/2021\/08\/TRIFED-to-set-up-Atmanirbhar-Corner-in-Indian-missions-268x150.jpg 268w, https:\/\/www.gkseries.com\/blog\/wp-content\/uploads\/2021\/08\/TRIFED-to-set-up-Atmanirbhar-Corner-in-Indian-missions-100x56.jpg 100w, https:\/\/www.gkseries.com\/blog\/wp-content\/uploads\/2021\/08\/TRIFED-to-set-up-Atmanirbhar-Corner-in-Indian-missions-625x350.jpg 625w, https:\/\/www.gkseries.com\/blog\/wp-content\/uploads\/2021\/08\/TRIFED-to-set-up-Atmanirbhar-Corner-in-Indian-missions-788x441.jpg 788w\" sizes=\"(max-width: 300px) 100vw, 300px\" \/><\/figure><\/div>\n\n\n\n<p>Tribal Co-operative Marketing Federation of India (TRIFED) to set up Atmanirbhar Corner in Indian missions and embassies around the world.<\/p>\n\n\n\n<p>The corner will be an exclusive space to promote GI tagged tribal art and craft products besides natural and organic products.<\/p>\n\n\n\n<p>India enacted the Geographical Indications (Registration and Protection Act), 1999, which came into effect from September 15, 2003.<\/p>\n\n\n\n<h2 class=\"has-black-background-color has-background wp-block-heading\" style=\"font-size:21px\"><a href=\"https:\/\/www.gkseries.com\/blog\/tunisian-president-has-suspended-the-pm\/\"><span class=\"has-inline-color has-white-color\">Tunisian president has suspended the PM<\/span><\/a><\/h2>\n\n\n\n<div class=\"wp-block-image\"><figure class=\"alignleft size-medium\"><img decoding=\"async\" width=\"300\" height=\"168\" src=\"https:\/\/www.gkseries.com\/blog\/wp-content\/uploads\/2021\/08\/Tunisian-president-has-suspended-the-PM-300x168.jpg\" alt=\"Tunisian president has suspended the PM\" class=\"wp-image-49274\" srcset=\"https:\/\/www.gkseries.com\/blog\/wp-content\/uploads\/2021\/08\/Tunisian-president-has-suspended-the-PM.jpg 300w, https:\/\/www.gkseries.com\/blog\/wp-content\/uploads\/2021\/08\/Tunisian-president-has-suspended-the-PM-1200x675.jpg 1200w, https:\/\/www.gkseries.com\/blog\/wp-content\/uploads\/2021\/08\/Tunisian-president-has-suspended-the-PM-768x430.jpg 768w, https:\/\/www.gkseries.com\/blog\/wp-content\/uploads\/2021\/08\/Tunisian-president-has-suspended-the-PM-1024x573.jpg 1024w, https:\/\/www.gkseries.com\/blog\/wp-content\/uploads\/2021\/08\/Tunisian-president-has-suspended-the-PM-1536x860.jpg 1536w, https:\/\/www.gkseries.com\/blog\/wp-content\/uploads\/2021\/08\/Tunisian-president-has-suspended-the-PM-2048x1147.jpg 2048w, https:\/\/www.gkseries.com\/blog\/wp-content\/uploads\/2021\/08\/Tunisian-president-has-suspended-the-PM-268x150.jpg 268w, https:\/\/www.gkseries.com\/blog\/wp-content\/uploads\/2021\/08\/Tunisian-president-has-suspended-the-PM-100x56.jpg 100w, https:\/\/www.gkseries.com\/blog\/wp-content\/uploads\/2021\/08\/Tunisian-president-has-suspended-the-PM-625x350.jpg 625w, https:\/\/www.gkseries.com\/blog\/wp-content\/uploads\/2021\/08\/Tunisian-president-has-suspended-the-PM-788x441.jpg 788w\" sizes=\"(max-width: 300px) 100vw, 300px\" \/><\/figure><\/div>\n\n\n\n<p>Tunisia faces its biggest turmoil as President Kais Saied suspended Prime Minister Hichem Mechichi and Parliament after ten years of democracy and multiple leaders struggling.<\/p>\n\n\n\n<p>The President stated that the move was taken amidst the economic trouble the country has been facing for years and the government\u2019s mishandling of the coronavirus pandemic.<\/p>\n\n\n\n<p>Tunisia, which was supposed to be a hope of democracy in the Arab world, has seen leader after leader come with little to no relief to the citizens of the country.<\/p>\n\n\n\n<p>Tunisia is the northernmost country in Africa. It is a part of the Maghreb region of North Africa, and is bordered by Algeria, Libya and the Mediterranean Sea.<\/p>\n\n\n\n<p>It contains the eastern end of the Atlas Mountains and the northern reaches of the Sahara desert. Tunisia is home to Africa&#8217;s northernmost point, Cape Angela. Its capital and largest city is Tunis.<\/p>\n\n\n\n<h2 class=\"has-black-background-color has-background wp-block-heading\" style=\"font-size:21px\"><a href=\"https:\/\/www.gkseries.com\/blog\/the-first-major-port-in-the-country-to-deploy-e-cars\/\"><span class=\"has-inline-color has-white-color\">The first major port in the country to deploy e-cars<\/span><\/a><\/h2>\n\n\n\n<div class=\"wp-block-image\"><figure class=\"alignleft size-medium\"><img decoding=\"async\" width=\"300\" height=\"193\" src=\"https:\/\/www.gkseries.com\/blog\/wp-content\/uploads\/2021\/08\/The-first-major-port-in-the-country-to-deploy-e-cars-300x193.jpg\" alt=\"The first major port in the country to deploy e-cars\" class=\"wp-image-49277\" srcset=\"https:\/\/www.gkseries.com\/blog\/wp-content\/uploads\/2021\/08\/The-first-major-port-in-the-country-to-deploy-e-cars-300x193.jpg 300w, https:\/\/www.gkseries.com\/blog\/wp-content\/uploads\/2021\/08\/The-first-major-port-in-the-country-to-deploy-e-cars-767x493.jpg 767w, https:\/\/www.gkseries.com\/blog\/wp-content\/uploads\/2021\/08\/The-first-major-port-in-the-country-to-deploy-e-cars-1024x658.jpg 1024w, https:\/\/www.gkseries.com\/blog\/wp-content\/uploads\/2021\/08\/The-first-major-port-in-the-country-to-deploy-e-cars-1536x987.jpg 1536w, https:\/\/www.gkseries.com\/blog\/wp-content\/uploads\/2021\/08\/The-first-major-port-in-the-country-to-deploy-e-cars-2048x1317.jpg 2048w, https:\/\/www.gkseries.com\/blog\/wp-content\/uploads\/2021\/08\/The-first-major-port-in-the-country-to-deploy-e-cars-233x150.jpg 233w, https:\/\/www.gkseries.com\/blog\/wp-content\/uploads\/2021\/08\/The-first-major-port-in-the-country-to-deploy-e-cars-100x64.jpg 100w, https:\/\/www.gkseries.com\/blog\/wp-content\/uploads\/2021\/08\/The-first-major-port-in-the-country-to-deploy-e-cars-544x350.jpg 544w, https:\/\/www.gkseries.com\/blog\/wp-content\/uploads\/2021\/08\/The-first-major-port-in-the-country-to-deploy-e-cars-788x506.jpg 788w, https:\/\/www.gkseries.com\/blog\/wp-content\/uploads\/2021\/08\/The-first-major-port-in-the-country-to-deploy-e-cars.jpg 280w\" sizes=\"(max-width: 300px) 100vw, 300px\" \/><\/figure><\/div>\n\n\n\n<p>The VOC Port Trust has become the first major port in the country to deploy e-cars. It has inducted three Tata Xpres-T electric vehicles in the first phase.<\/p>\n\n\n\n<p>These cars have been supplied by Energy Efficiency Services Limited (EESL), a Joint venture of Public Sector Undertaking (PSU), under Ministry of Power,on wet lease basis, for a period of 6 years.<\/p>\n\n\n\n<p>As part of \u2018Maritime India Vision 2030\u2019, the Ministry of Ports, Shipping and Waterways is committed to leading the world in safe, sustainable and green maritime sector.<\/p>\n\n\n\n<p>O. Chidambaranar Port Trust, formerly Tuticorin Port Trust, is an artificial port in Tamil Nadu. It is one of the major ports in India.<\/p>\n\n\n\n<h2 class=\"has-black-background-color has-background wp-block-heading\" style=\"font-size:21px\"><a href=\"https:\/\/www.gkseries.com\/blog\/centre-moves-to-redact-retrospective-tax-law\/\"><span class=\"has-inline-color has-white-color\">Centre moves to redact retrospective tax law<\/span><\/a><\/h2>\n\n\n\n<div class=\"wp-block-image\"><figure class=\"alignleft size-medium\"><img decoding=\"async\" width=\"300\" height=\"187\" src=\"https:\/\/www.gkseries.com\/blog\/wp-content\/uploads\/2021\/08\/Centre-moves-to-redact-retrospective-tax-law-300x187.jpg\" alt=\"Centre moves to redact retrospective tax law\" class=\"wp-image-49280\" srcset=\"https:\/\/www.gkseries.com\/blog\/wp-content\/uploads\/2021\/08\/Centre-moves-to-redact-retrospective-tax-law-300x187.jpg 300w, https:\/\/www.gkseries.com\/blog\/wp-content\/uploads\/2021\/08\/Centre-moves-to-redact-retrospective-tax-law-767x478.jpg 767w, https:\/\/www.gkseries.com\/blog\/wp-content\/uploads\/2021\/08\/Centre-moves-to-redact-retrospective-tax-law-1024x638.jpg 1024w, https:\/\/www.gkseries.com\/blog\/wp-content\/uploads\/2021\/08\/Centre-moves-to-redact-retrospective-tax-law-1536x957.jpg 1536w, https:\/\/www.gkseries.com\/blog\/wp-content\/uploads\/2021\/08\/Centre-moves-to-redact-retrospective-tax-law-2048x1276.jpg 2048w, https:\/\/www.gkseries.com\/blog\/wp-content\/uploads\/2021\/08\/Centre-moves-to-redact-retrospective-tax-law-241x150.jpg 241w, https:\/\/www.gkseries.com\/blog\/wp-content\/uploads\/2021\/08\/Centre-moves-to-redact-retrospective-tax-law-100x62.jpg 100w, https:\/\/www.gkseries.com\/blog\/wp-content\/uploads\/2021\/08\/Centre-moves-to-redact-retrospective-tax-law-562x350.jpg 562w, https:\/\/www.gkseries.com\/blog\/wp-content\/uploads\/2021\/08\/Centre-moves-to-redact-retrospective-tax-law-788x491.jpg 788w, https:\/\/www.gkseries.com\/blog\/wp-content\/uploads\/2021\/08\/Centre-moves-to-redact-retrospective-tax-law.jpg 284w\" sizes=\"(max-width: 300px) 100vw, 300px\" \/><\/figure><\/div>\n\n\n\n<p>The government of India took the first step towards doing away with the contentious retrospective tax law of 2012, which was used to raise large tax demands on foreign investors like Vodafone and Cairn Energy, and blamed for vitiating India\u2019s investment climate.<\/p>\n\n\n\n<p>Union Finance and Corporate Affairs Minister introduced the Taxation Laws (Amendment) Bill in the Lok Sabha on Thursday to nullify the relevant retrospective tax clauses that were introduced in 2012 to bring past indirect transfer of Indian assets under the ambit of taxation.<\/p>\n\n\n\n<p>A <a href=\"https:\/\/www.gkseries.com\/blog\/which-of-the-following-statements-is-are-correct-with-reference-to-the-retrospective-tax\/\">retrospective tax<\/a> is one that is charged for transactions in the long past. It can be a new or additional charge on transactions done in the past.<\/p>\n\n\n\n<p>The Government of <a href=\"https:\/\/www.gkseries.com\/important-current-affairs-for-upsc-ias-prelims-2021\/india-lost-retrospective-taxation-case-to-cairn\">India recently lost an international arbitration case<\/a> to energy giant Cairn Plc over the retrospective levy of taxes, and has been asked to pay damages worth $1.2 billion to the UK firm.<\/p>\n\n\n\n<h2 class=\"has-black-background-color has-background wp-block-heading\" style=\"font-size:21px\"><a href=\"https:\/\/www.gkseries.com\/blog\/world-forgiveness-day-2021\/\"><span class=\"has-inline-color has-white-color\">World Forgiveness Day 2021<\/span><\/a><\/h2>\n\n\n\n<div class=\"wp-block-image\"><figure class=\"alignleft size-medium\"><img decoding=\"async\" width=\"300\" height=\"168\" src=\"https:\/\/www.gkseries.com\/blog\/wp-content\/uploads\/2021\/08\/World-Forgiveness-Day-2021-300x168.jpg\" alt=\"World Forgiveness Day 2021\" class=\"wp-image-49283\" srcset=\"https:\/\/www.gkseries.com\/blog\/wp-content\/uploads\/2021\/08\/World-Forgiveness-Day-2021.jpg 300w, https:\/\/www.gkseries.com\/blog\/wp-content\/uploads\/2021\/08\/World-Forgiveness-Day-2021-1200x675.jpg 1200w, https:\/\/www.gkseries.com\/blog\/wp-content\/uploads\/2021\/08\/World-Forgiveness-Day-2021-768x430.jpg 768w, https:\/\/www.gkseries.com\/blog\/wp-content\/uploads\/2021\/08\/World-Forgiveness-Day-2021-1024x573.jpg 1024w, https:\/\/www.gkseries.com\/blog\/wp-content\/uploads\/2021\/08\/World-Forgiveness-Day-2021-1536x860.jpg 1536w, https:\/\/www.gkseries.com\/blog\/wp-content\/uploads\/2021\/08\/World-Forgiveness-Day-2021-2048x1147.jpg 2048w, https:\/\/www.gkseries.com\/blog\/wp-content\/uploads\/2021\/08\/World-Forgiveness-Day-2021-268x150.jpg 268w, https:\/\/www.gkseries.com\/blog\/wp-content\/uploads\/2021\/08\/World-Forgiveness-Day-2021-100x56.jpg 100w, https:\/\/www.gkseries.com\/blog\/wp-content\/uploads\/2021\/08\/World-Forgiveness-Day-2021-625x350.jpg 625w, https:\/\/www.gkseries.com\/blog\/wp-content\/uploads\/2021\/08\/World-Forgiveness-Day-2021-788x441.jpg 788w\" sizes=\"(max-width: 300px) 100vw, 300px\" \/><\/figure><\/div>\n\n\n\n<p>Global Forgiveness Day is observed on July 7 each year to forgive and be forgiven in order to lead a happy and peaceful life.<\/p>\n\n\n\n<p>This day reminds us that forgiving people helps to wash away all painful sins and begin a new journey.<\/p>\n\n\n\n<p>Global Forgiveness Day is observed to celebrate goodwill among people, and it gives us a chance to set things right and make our relationships stronger.<\/p>\n\n\n\n<p>It is difficult for people to understand that in order to heal, they must forgive people in their hearts who have hurt them or wronged them.<\/p>\n\n\n\n<p>The day teaches us that forgiveness requires genuine efforts and helps us to free ourselves from the clutches of the past and allow ourselves to experience happiness again.<\/p>\n\n\n\n<h2 class=\"has-black-background-color has-background wp-block-heading\" style=\"font-size:21px\"><a href=\"https:\/\/www.gkseries.com\/blog\/national-handloom-day-2021\/\"><span class=\"has-inline-color has-white-color\">National Handloom Day 2021<\/span><\/a><\/h2>\n\n\n\n<div class=\"wp-block-image\"><figure class=\"alignleft size-medium\"><img decoding=\"async\" width=\"300\" height=\"185\" src=\"https:\/\/www.gkseries.com\/blog\/wp-content\/uploads\/2021\/08\/National-Handloom-Day-2021-300x185.jpg\" alt=\"National Handloom Day 2021\" class=\"wp-image-49286\" srcset=\"https:\/\/www.gkseries.com\/blog\/wp-content\/uploads\/2021\/08\/National-Handloom-Day-2021-300x185.jpg 300w, https:\/\/www.gkseries.com\/blog\/wp-content\/uploads\/2021\/08\/National-Handloom-Day-2021-767x472.jpg 767w, https:\/\/www.gkseries.com\/blog\/wp-content\/uploads\/2021\/08\/National-Handloom-Day-2021-1024x630.jpg 1024w, https:\/\/www.gkseries.com\/blog\/wp-content\/uploads\/2021\/08\/National-Handloom-Day-2021-1536x945.jpg 1536w, https:\/\/www.gkseries.com\/blog\/wp-content\/uploads\/2021\/08\/National-Handloom-Day-2021-2048x1260.jpg 2048w, https:\/\/www.gkseries.com\/blog\/wp-content\/uploads\/2021\/08\/National-Handloom-Day-2021-244x150.jpg 244w, https:\/\/www.gkseries.com\/blog\/wp-content\/uploads\/2021\/08\/National-Handloom-Day-2021-100x62.jpg 100w, https:\/\/www.gkseries.com\/blog\/wp-content\/uploads\/2021\/08\/National-Handloom-Day-2021-569x350.jpg 569w, https:\/\/www.gkseries.com\/blog\/wp-content\/uploads\/2021\/08\/National-Handloom-Day-2021-788x484.jpg 788w, https:\/\/www.gkseries.com\/blog\/wp-content\/uploads\/2021\/08\/National-Handloom-Day-2021.jpg 286w\" sizes=\"(max-width: 300px) 100vw, 300px\" \/><\/figure><\/div>\n\n\n\n<p>National Handloom Day is observed on 7 August each year to honour the handloom community and acknowledge their contribution to India&#8217;s socio-economic development.<\/p>\n\n\n\n<p>The Swadeshi movement was launched on the same day in 1905, and the date is now an occasion to pay tribute to handloom weavers and artisan communities of India.<\/p>\n\n\n\n<p>The handloom sector is one of the major symbols of the Indian cultural heritage. It has been an important source of livelihood, especially for women.<\/p>\n\n\n\n<p>They form around 70% of the weavers or allied workers in the sector. National Handloom day is celebrated to honour the handloom community and acknowledge their contribution to India\u2019s socio-economic development.<\/p>\n\n\n\n<h2 class=\"has-black-background-color has-background wp-block-heading\" style=\"font-size:21px\"><a href=\"https:\/\/www.gkseries.com\/blog\/pradhan-mantri-garib-kalyan-anna-yojana-day-2021\/\"><span class=\"has-inline-color has-white-color\">Pradhan Mantri Garib Kalyan Anna Yojana Day 2021<\/span><\/a><\/h2>\n\n\n\n<div class=\"wp-block-image\"><figure class=\"alignleft size-medium\"><img decoding=\"async\" width=\"300\" height=\"169\" src=\"https:\/\/www.gkseries.com\/blog\/wp-content\/uploads\/2021\/08\/Pradhan-Mantri-Garib-Kalyan-Anna-Yojana-Day-2021-300x169.jpg\" alt=\"Pradhan Mantri Garib Kalyan Anna Yojana Day 2021\" class=\"wp-image-49289\" srcset=\"https:\/\/www.gkseries.com\/blog\/wp-content\/uploads\/2021\/08\/Pradhan-Mantri-Garib-Kalyan-Anna-Yojana-Day-2021-300x169.jpg 300w, https:\/\/www.gkseries.com\/blog\/wp-content\/uploads\/2021\/08\/Pradhan-Mantri-Garib-Kalyan-Anna-Yojana-Day-2021-1200x675.jpg 1200w, https:\/\/www.gkseries.com\/blog\/wp-content\/uploads\/2021\/08\/Pradhan-Mantri-Garib-Kalyan-Anna-Yojana-Day-2021-767x431.jpg 767w, https:\/\/www.gkseries.com\/blog\/wp-content\/uploads\/2021\/08\/Pradhan-Mantri-Garib-Kalyan-Anna-Yojana-Day-2021-1024x575.jpg 1024w, https:\/\/www.gkseries.com\/blog\/wp-content\/uploads\/2021\/08\/Pradhan-Mantri-Garib-Kalyan-Anna-Yojana-Day-2021-1536x863.jpg 1536w, https:\/\/www.gkseries.com\/blog\/wp-content\/uploads\/2021\/08\/Pradhan-Mantri-Garib-Kalyan-Anna-Yojana-Day-2021-2048x1151.jpg 2048w, https:\/\/www.gkseries.com\/blog\/wp-content\/uploads\/2021\/08\/Pradhan-Mantri-Garib-Kalyan-Anna-Yojana-Day-2021-267x150.jpg 267w, https:\/\/www.gkseries.com\/blog\/wp-content\/uploads\/2021\/08\/Pradhan-Mantri-Garib-Kalyan-Anna-Yojana-Day-2021-100x56.jpg 100w, https:\/\/www.gkseries.com\/blog\/wp-content\/uploads\/2021\/08\/Pradhan-Mantri-Garib-Kalyan-Anna-Yojana-Day-2021-623x350.jpg 623w, https:\/\/www.gkseries.com\/blog\/wp-content\/uploads\/2021\/08\/Pradhan-Mantri-Garib-Kalyan-Anna-Yojana-Day-2021-788x442.jpg 788w, https:\/\/www.gkseries.com\/blog\/wp-content\/uploads\/2021\/08\/Pradhan-Mantri-Garib-Kalyan-Anna-Yojana-Day-2021.jpg 299w\" sizes=\"(max-width: 300px) 100vw, 300px\" \/><\/figure><\/div>\n\n\n\n<p>Uttar Pradesh celebrated 5th August, 2021 as Pradhan Mantri Garib Kalyan Yojana Day.<\/p>\n\n\n\n<p>Almost 15 crore beneficiaries of the state have been getting ration free of cost through Pradhan Mantri Garib Kalyan Anna Yojana.<\/p>\n\n\n\n<p>Nearly 80,000 Fair price shops in the state have been distributing food grains to the beneficiaries of the scheme.<\/p>\n\n\n\n<p>Pradhan Mantri Garib Kalyan Yojana, 2016 (PMGKY) is a scheme launched by the Narendra Modi led Government of India in December 2016 on the lines of the Income declaration scheme, 2016 (IDS) launched earlier in the year.<\/p>\n","protected":false},"excerpt":{"rendered":"<p>Current Affairs is the most important area in all competitive exams. But the difficulty level is very high. That\u2019s why; many aspirants get confused, how to select Current Affairs for Preparation of Competitive Examination? In this Post, Daily Current Affairs 7 August 2021, we have tried to cover each and every point and also included [&hellip;]<\/p>\n","protected":false},"author":404,"featured_media":49293,"comment_status":"open","ping_status":"closed","sticky":false,"template":"","format":"standard","meta":{"site-sidebar-layout":"default","site-content-layout":"","ast-site-content-layout":"default","site-content-style":"default","site-sidebar-style":"default","ast-global-header-display":"","ast-banner-title-visibility":"","ast-main-header-display":"","ast-hfb-above-header-display":"","ast-hfb-below-header-display":"","ast-hfb-mobile-header-display":"","site-post-title":"","ast-breadcrumbs-content":"","ast-featured-img":"","footer-sml-layout":"","ast-disable-related-posts":"","theme-transparent-header-meta":"","adv-header-id-meta":"","stick-header-meta":"","header-above-stick-meta":"","header-main-stick-meta":"","header-below-stick-meta":"","astra-migrate-meta-layouts":"default","ast-page-background-enabled":"default","ast-page-background-meta":{"desktop":{"background-color":"","background-image":"","background-repeat":"repeat","background-position":"center center","background-size":"auto","background-attachment":"scroll","background-type":"","background-media":"","overlay-type":"","overlay-color":"","overlay-opacity":"","overlay-gradient":""},"tablet":{"background-color":"","background-image":"","background-repeat":"repeat","background-position":"center center","background-size":"auto","background-attachment":"scroll","background-type":"","background-media":"","overlay-type":"","overlay-color":"","overlay-opacity":"","overlay-gradient":""},"mobile":{"background-color":"","background-image":"","background-repeat":"repeat","background-position":"center center","background-size":"auto","background-attachment":"scroll","background-type":"","background-media":"","overlay-type":"","overlay-color":"","overlay-opacity":"","overlay-gradient":""}},"ast-content-background-meta":{"desktop":{"background-color":"var(--ast-global-color-4)","background-image":"","background-repeat":"repeat","background-position":"center center","background-size":"auto","background-attachment":"scroll","background-type":"","background-media":"","overlay-type":"","overlay-color":"","overlay-opacity":"","overlay-gradient":""},"tablet":{"background-color":"var(--ast-global-color-4)","background-image":"","background-repeat":"repeat","background-position":"center center","background-size":"auto","background-attachment":"scroll","background-type":"","background-media":"","overlay-type":"","overlay-color":"","overlay-opacity":"","overlay-gradient":""},"mobile":{"background-color":"var(--ast-global-color-4)","background-image":"","background-repeat":"repeat","background-position":"center center","background-size":"auto","background-attachment":"scroll","background-type":"","background-media":"","overlay-type":"","overlay-color":"","overlay-opacity":"","overlay-gradient":""}},"footnotes":""},"categories":[1415],"tags":[],"class_list":["post-49291","post","type-post","status-publish","format-standard","has-post-thumbnail","hentry","category-current-affairs-august-2021"],"_links":{"self":[{"href":"https:\/\/www.gkseries.com\/blog\/wp-json\/wp\/v2\/posts\/49291","targetHints":{"allow":["GET"]}}],"collection":[{"href":"https:\/\/www.gkseries.com\/blog\/wp-json\/wp\/v2\/posts"}],"about":[{"href":"https:\/\/www.gkseries.com\/blog\/wp-json\/wp\/v2\/types\/post"}],"author":[{"embeddable":true,"href":"https:\/\/www.gkseries.com\/blog\/wp-json\/wp\/v2\/users\/404"}],"replies":[{"embeddable":true,"href":"https:\/\/www.gkseries.com\/blog\/wp-json\/wp\/v2\/comments?post=49291"}],"version-history":[{"count":1,"href":"https:\/\/www.gkseries.com\/blog\/wp-json\/wp\/v2\/posts\/49291\/revisions"}],"predecessor-version":[{"id":49294,"href":"https:\/\/www.gkseries.com\/blog\/wp-json\/wp\/v2\/posts\/49291\/revisions\/49294"}],"wp:featuredmedia":[{"embeddable":true,"href":"https:\/\/www.gkseries.com\/blog\/wp-json\/wp\/v2\/media\/49293"}],"wp:attachment":[{"href":"https:\/\/www.gkseries.com\/blog\/wp-json\/wp\/v2\/media?parent=49291"}],"wp:term":[{"taxonomy":"category","embeddable":true,"href":"https:\/\/www.gkseries.com\/blog\/wp-json\/wp\/v2\/categories?post=49291"},{"taxonomy":"post_tag","embeddable":true,"href":"https:\/\/www.gkseries.com\/blog\/wp-json\/wp\/v2\/tags?post=49291"}],"curies":[{"name":"wp","href":"https:\/\/api.w.org\/{rel}","templated":true}]}}